{"id":13179,"date":"2025-06-26T10:08:16","date_gmt":"2025-06-26T08:08:16","guid":{"rendered":"https:\/\/www.inprosec.com\/?p=13179"},"modified":"2025-06-26T10:08:16","modified_gmt":"2025-06-26T08:08:16","slug":"inprosecs-15th-anniversary","status":"publish","type":"post","link":"https:\/\/www.inprosec.com\/en\/inprosecs-15th-anniversary\/","title":{"rendered":"Inprosec\u2019s 15th Anniversary"},"content":{"rendered":"<p><span style=\"font-weight: 400;\">Last Thursday afternoon, Inprosec commemorated its 15-year journey with a special event held at the Pazo Los Escudos in Vigo. The occasion combined knowledge, reflection and networking in a professional and enriching environment. The event brought together industry professionals, clients, partners, employees, and friends of the company, reinforcing Inprosec\u2019s ongoing commitment to excellence in cybersecurity.<\/span><\/p>\n<h2><span style=\"font-weight: 400;\">Institutional Opening<\/span><\/h2>\n<p><span style=\"font-weight: 400;\">The event began with an emotional opening speech by <\/span><a href=\"https:\/\/www.linkedin.com\/in\/alvarogomezvieites\/\"><span style=\"font-weight: 400;\">\u00c1lvaro G\u00f3mez<\/span><\/a><span style=\"font-weight: 400;\">, Dean of the Faculty of Business Administration and Law at <\/span><a href=\"https:\/\/www.linkedin.com\/school\/uieuniversidad\/?originalSubdomain=es\"><span style=\"font-weight: 400;\">UIE<\/span><\/a><span style=\"font-weight: 400;\">. In his address, he highlighted the evolution of the cybersecurity sector to date, the role Inprosec has played in that transformation, and how the company\u2019s growth has contributed to the professional and academic development of the field.<\/span><\/p>\n<h2><span style=\"font-weight: 400;\">First Session: Inprosec\u2019s Past, Present, and Future<\/span><\/h2>\n<p><img decoding=\"async\" class=\"aligncenter  wp-image-13177\" src=\"https:\/\/www.inprosec.com\/wp-content\/uploads\/2025\/06\/presentacion-aniversario-por-los-socios.jpg\" alt=\"\" width=\"699\" height=\"524\" srcset=\"https:\/\/www.inprosec.com\/wp-content\/uploads\/2025\/06\/presentacion-aniversario-por-los-socios.jpg 1200w, https:\/\/www.inprosec.com\/wp-content\/uploads\/2025\/06\/presentacion-aniversario-por-los-socios-300x225.jpg 300w, https:\/\/www.inprosec.com\/wp-content\/uploads\/2025\/06\/presentacion-aniversario-por-los-socios-1024x768.jpg 1024w, https:\/\/www.inprosec.com\/wp-content\/uploads\/2025\/06\/presentacion-aniversario-por-los-socios-600x450.jpg 600w\" sizes=\"(max-width: 699px) 100vw, 699px\" \/><\/p>\n<p><span style=\"font-weight: 400;\">Next, Inprosec\u2019s three founding partners, <\/span><a href=\"https:\/\/www.linkedin.com\/in\/iagofortes\/\"><span style=\"font-weight: 400;\">Iago Fortes<\/span><\/a><span style=\"font-weight: 400;\">, <\/span><a href=\"https:\/\/www.linkedin.com\/in\/roi-fortes-caram%C3%A9s-81bb609\/\"><span style=\"font-weight: 400;\">Roi Fortes<\/span><\/a><span style=\"font-weight: 400;\"> and <\/span><a href=\"https:\/\/www.linkedin.com\/in\/joseglzlazare\/\"><span style=\"font-weight: 400;\">Jos\u00e9 Gonz\u00e1lez<\/span><\/a><span style=\"font-weight: 400;\"> delivered a talk titled <\/span><i><span style=\"font-weight: 400;\">\u201cDriving Cybersecurity: Inprosec\u2019s Past, Present and Future.\u201d<\/span><\/i><span style=\"font-weight: 400;\"> They walked through the company\u2019s key milestones since its founding in 2010, reviewing its team growth, international expansion, and the current challenges faced by the cybersecurity sector. The session concluded with a roundtable discussion on the future of cybersecurity and the role Inprosec aims to play.<\/span><\/p>\n<h2><span style=\"font-weight: 400;\">Second Session: SAP Security from Within<\/span><\/h2>\n<p><img decoding=\"async\" class=\"aligncenter  wp-image-13167\" src=\"https:\/\/www.inprosec.com\/wp-content\/uploads\/2025\/06\/2.jpg\" alt=\"\" width=\"703\" height=\"527\" srcset=\"https:\/\/www.inprosec.com\/wp-content\/uploads\/2025\/06\/2.jpg 1200w, https:\/\/www.inprosec.com\/wp-content\/uploads\/2025\/06\/2-300x225.jpg 300w, https:\/\/www.inprosec.com\/wp-content\/uploads\/2025\/06\/2-1024x768.jpg 1024w, https:\/\/www.inprosec.com\/wp-content\/uploads\/2025\/06\/2-600x450.jpg 600w\" sizes=\"(max-width: 703px) 100vw, 703px\" \/><\/p>\n<p><span style=\"font-weight: 400;\">The second session was a roundtable titled <\/span><i><span style=\"font-weight: 400;\">\u201cSAP Security from the Internal Perspective of Organizations,\u201d<\/span><\/i><span style=\"font-weight: 400;\"> moderated by <\/span><a href=\"about:blank\"><span style=\"font-weight: 400;\">Jos\u00e9 Gonz\u00e1lez<\/span><\/a><span style=\"font-weight: 400;\">. Participants included <\/span><a href=\"https:\/\/www.linkedin.com\/in\/rub%C3%A9n-gil-iglesias-986bb026\/\"><span style=\"font-weight: 400;\">Rub\u00e9n Gil<\/span><\/a><span style=\"font-weight: 400;\"> (Daikin Europe), <\/span><a href=\"about:blank\"><span style=\"font-weight: 400;\">Jos\u00e9 Mart\u00edn P\u00e9rez<\/span><\/a><span style=\"font-weight: 400;\">, and <\/span><a href=\"about:blank\"><span style=\"font-weight: 400;\">Brath Miraz<\/span><\/a><span style=\"font-weight: 400;\"> (SAP Senior Consultants at Inprosec). The panel explored real-world challenges in SAP environments, emphasizing the importance of tailoring security strategies to each organization\u2019s unique context.<\/span><\/p>\n<h2><span style=\"font-weight: 400;\">Third Session: The Great Security Paradox<\/span><\/h2>\n<p><img decoding=\"async\" class=\"aligncenter  wp-image-13169\" src=\"https:\/\/www.inprosec.com\/wp-content\/uploads\/2025\/06\/3.jpg\" alt=\"\" width=\"700\" height=\"525\" srcset=\"https:\/\/www.inprosec.com\/wp-content\/uploads\/2025\/06\/3.jpg 1200w, https:\/\/www.inprosec.com\/wp-content\/uploads\/2025\/06\/3-300x225.jpg 300w, https:\/\/www.inprosec.com\/wp-content\/uploads\/2025\/06\/3-1024x768.jpg 1024w, https:\/\/www.inprosec.com\/wp-content\/uploads\/2025\/06\/3-600x450.jpg 600w\" sizes=\"(max-width: 700px) 100vw, 700px\" \/><\/p>\n<p><span style=\"font-weight: 400;\">Following a short break, <\/span><a href=\"https:\/\/www.linkedin.com\/in\/alfonsogarciatome\/\"><span style=\"font-weight: 400;\">Alfonso Garc\u00eda<\/span><\/a><span style=\"font-weight: 400;\"> delivered a thought-provoking talk titled <\/span><i><span style=\"font-weight: 400;\">\u201cShielded and Vulnerable: The Great Paradox.\u201d<\/span><\/i><span style=\"font-weight: 400;\"> Using real cases and current data, he explored how increasing cybersecurity investment doesn\u2019t guarantee immunity against threats. He stressed the need for strategies built on resilience, risk management, and a strong culture of security across all levels of an organization.<\/span><\/p>\n<h2><span style=\"font-weight: 400;\">Fourth Session: Industrial Cybersecurity in Focus<\/span><\/h2>\n<p><img decoding=\"async\" class=\"aligncenter  wp-image-13171\" src=\"https:\/\/www.inprosec.com\/wp-content\/uploads\/2025\/06\/4.jpg\" alt=\"\" width=\"700\" height=\"525\" srcset=\"https:\/\/www.inprosec.com\/wp-content\/uploads\/2025\/06\/4.jpg 1200w, https:\/\/www.inprosec.com\/wp-content\/uploads\/2025\/06\/4-300x225.jpg 300w, https:\/\/www.inprosec.com\/wp-content\/uploads\/2025\/06\/4-1024x768.jpg 1024w, https:\/\/www.inprosec.com\/wp-content\/uploads\/2025\/06\/4-600x450.jpg 600w\" sizes=\"(max-width: 700px) 100vw, 700px\" \/><\/p>\n<p><span style=\"font-weight: 400;\">The formal part of the event concluded with a roundtable titled <\/span><i><span style=\"font-weight: 400;\">\u201cBeyond IT: The New OT Agenda of the CISO,\u201d<\/span><\/i><span style=\"font-weight: 400;\"> organized by <\/span><a href=\"https:\/\/inprotech.es\/en\/services\/\"><span style=\"font-weight: 400;\">InprOTech<\/span><\/a><span style=\"font-weight: 400;\"> \u2014 Inprosec\u2019s industrial cybersecurity spin-out. Moderated by <\/span><a href=\"https:\/\/www.linkedin.com\/in\/pedroestevezf\/\"><span style=\"font-weight: 400;\">Pedro Est\u00e9vez<\/span><\/a><span style=\"font-weight: 400;\">, the session featured leading voices in the sector including <\/span><a href=\"https:\/\/www.linkedin.com\/in\/osciglesias\/\"><span style=\"font-weight: 400;\">\u00d3scar Iglesias<\/span><\/a><span style=\"font-weight: 400;\"> (InprOTech), <\/span><a href=\"https:\/\/www.linkedin.com\/in\/carlos-eloy-lopez-blanco-374a7628\/\"><span style=\"font-weight: 400;\">Carlos Blanco<\/span><\/a><span style=\"font-weight: 400;\"> (Hijos de Rivera), <\/span><a href=\"https:\/\/www.linkedin.com\/in\/carlosvalerdi\/\"><span style=\"font-weight: 400;\">Carlos Valerdi<\/span><\/a><span style=\"font-weight: 400;\"> (INGECOM), and <\/span><a href=\"https:\/\/www.linkedin.com\/in\/edwin-macias-0b4238b\/\"><span style=\"font-weight: 400;\">Edwin Mac\u00edas<\/span><\/a><span style=\"font-weight: 400;\">. The discussion focused on the specific challenges of securing industrial (OT) environments and the need for a broad, strategic approach.<\/span><\/p>\n<h2><span style=\"font-weight: 400;\">Recognition &amp; Celebration<\/span><\/h2>\n<p><img decoding=\"async\" class=\"aligncenter  wp-image-13173\" src=\"https:\/\/www.inprosec.com\/wp-content\/uploads\/2025\/06\/5.jpg\" alt=\"\" width=\"700\" height=\"525\" srcset=\"https:\/\/www.inprosec.com\/wp-content\/uploads\/2025\/06\/5.jpg 1200w, https:\/\/www.inprosec.com\/wp-content\/uploads\/2025\/06\/5-300x225.jpg 300w, https:\/\/www.inprosec.com\/wp-content\/uploads\/2025\/06\/5-1024x768.jpg 1024w, https:\/\/www.inprosec.com\/wp-content\/uploads\/2025\/06\/5-600x450.jpg 600w\" sizes=\"(max-width: 700px) 100vw, 700px\" \/><\/p>\n<p><span style=\"font-weight: 400;\">Before moving on to the evening\u2019s social segment, Inprosec presented a series of tokens of appreciation to <\/span><a href=\"https:\/\/www.linkedin.com\/in\/tamara-rivera-puga\/\"><span style=\"font-weight: 400;\">Tamara Rivera<\/span><\/a><span style=\"font-weight: 400;\">, <\/span><a href=\"https:\/\/www.linkedin.com\/in\/miguel-fonte-d%C3%ADaz-409499150\/\"><span style=\"font-weight: 400;\">Miguel Fonte<\/span><\/a><span style=\"font-weight: 400;\">, <\/span><a href=\"https:\/\/www.linkedin.com\/in\/yoel-rodriguez-moreiras\/\"><span style=\"font-weight: 400;\">Yoel Rodr\u00edguez<\/span><\/a><span style=\"font-weight: 400;\"> and <\/span><a href=\"https:\/\/www.linkedin.com\/in\/javiernogueira\/\"><span style=\"font-weight: 400;\">Javier Nogueira<\/span><\/a><span style=\"font-weight: 400;\"> for their dedication and contributions over the years. A special recognition was also given to Iago Fortes. Following this, the three partners gathered to blow out the candles on the anniversary cake, sharing a meaningful and symbolic moment with all attendees.<\/span><\/p>\n<p>&nbsp;<\/p>\n<h2><span style=\"font-weight: 400;\">Networking, Terrace &amp; Celebration<\/span><\/h2>\n<p><span style=\"font-weight: 400;\">After the talks, attendees enjoyed a dinner on the hotel terrace, taking advantage of the pleasant weather to continue conversations and celebrate in a relaxed atmosphere \u2014 a fitting close to a very special day in Inprosec\u2019s history.<\/span><\/p>\n<p>&nbsp;<\/p>\n<p><span style=\"font-weight: 400;\">Finally, we at Inprosec would like to express our heartfelt thanks to everyone who joined us for this meaningful occasion: speakers, clients, partners, colleagues, and friends. Your presence, engagement, and support are what make it possible for us to keep growing and facing new challenges with enthusiasm. This 15th anniversary was not only a celebration of our past, but also a boost of energy to continue building the future of cybersecurity together. Thank you for being part of our story!<\/span><\/p>\n","protected":false},"excerpt":{"rendered":"<p>Last Thursday afternoon, Inprosec commemorated its 15-year journey with a special event held at the Pazo Los Escudos in Vigo. The occasion combined knowledge, reflection and networking in a professional and enriching environment. The event brought together industry professionals, clients, partners, employees, and friends of the company, reinforcing Inprosec\u2019s ongoing commitment to excellence in cybersecurity&#8230;.<\/p>\n","protected":false},"author":6,"featured_media":13175,"comment_status":"open","ping_status":"open","sticky":false,"template":"","format":"standard","meta":{"_acf_changed":false,"inline_featured_image":false,"footnotes":""},"categories":[4],"tags":[],"class_list":["post-13179","post","type-post","status-publish","format-standard","has-post-thumbnail","hentry","category-general"],"acf":[],"yoast_head":"<!-- This site is optimized with the Yoast SEO Premium plugin v26.3 (Yoast SEO v27.4) - https:\/\/yoast.com\/product\/yoast-seo-premium-wordpress\/ -->\n<title>Inprosec\u2019s 15th Anniversary - Inprosec<\/title>\n<meta name=\"description\" content=\"Inprosec celebrates its 15th anniversary in Vigo with a day of talks, reflection and networking focused on the present and future of cybersecurity.\" \/>\n<meta name=\"robots\" content=\"index, follow, max-snippet:-1, max-image-preview:large, max-video-preview:-1\" \/>\n<link rel=\"canonical\" href=\"https:\/\/www.inprosec.com\/en\/inprosecs-15th-anniversary\/\" \/>\n<meta property=\"og:locale\" content=\"en_US\" \/>\n<meta property=\"og:type\" content=\"article\" \/>\n<meta property=\"og:title\" content=\"Inprosec\u2019s 15th Anniversary\" \/>\n<meta property=\"og:description\" content=\"Inprosec celebrates its 15th anniversary in Vigo with a day of talks, reflection and networking focused on the present and future of cybersecurity.\" \/>\n<meta property=\"og:url\" content=\"https:\/\/www.inprosec.com\/en\/inprosecs-15th-anniversary\/\" \/>\n<meta property=\"og:site_name\" content=\"Inprosec\" \/>\n<meta property=\"article:published_time\" content=\"2025-06-26T08:08:16+00:00\" \/>\n<meta property=\"og:image\" content=\"https:\/\/www.inprosec.com\/wp-content\/uploads\/2025\/06\/XV-aniversario-inprosec.jpg\" \/>\n\t<meta property=\"og:image:width\" content=\"1200\" \/>\n\t<meta property=\"og:image:height\" content=\"630\" \/>\n\t<meta property=\"og:image:type\" content=\"image\/jpeg\" \/>\n<meta name=\"author\" content=\"Fernando Mosquera\" \/>\n<meta name=\"twitter:card\" content=\"summary_large_image\" \/>\n<meta name=\"twitter:label1\" content=\"Written by\" \/>\n\t<meta name=\"twitter:data1\" content=\"Fernando Mosquera\" \/>\n\t<meta name=\"twitter:label2\" content=\"Est. reading time\" \/>\n\t<meta name=\"twitter:data2\" content=\"4 minutes\" \/>\n<script type=\"application\/ld+json\" class=\"yoast-schema-graph\">{\"@context\":\"https:\\\/\\\/schema.org\",\"@graph\":[{\"@type\":\"Article\",\"@id\":\"https:\\\/\\\/www.inprosec.com\\\/en\\\/inprosecs-15th-anniversary\\\/#article\",\"isPartOf\":{\"@id\":\"https:\\\/\\\/www.inprosec.com\\\/en\\\/inprosecs-15th-anniversary\\\/\"},\"author\":{\"name\":\"Fernando Mosquera\",\"@id\":\"https:\\\/\\\/www.inprosec.com\\\/en\\\/#\\\/schema\\\/person\\\/b05a40c0c3e81b819075dd95a10532e2\"},\"headline\":\"Inprosec\u2019s 15th Anniversary\",\"datePublished\":\"2025-06-26T08:08:16+00:00\",\"mainEntityOfPage\":{\"@id\":\"https:\\\/\\\/www.inprosec.com\\\/en\\\/inprosecs-15th-anniversary\\\/\"},\"wordCount\":614,\"commentCount\":0,\"image\":{\"@id\":\"https:\\\/\\\/www.inprosec.com\\\/en\\\/inprosecs-15th-anniversary\\\/#primaryimage\"},\"thumbnailUrl\":\"https:\\\/\\\/www.inprosec.com\\\/wp-content\\\/uploads\\\/2025\\\/06\\\/XV-aniversario-inprosec.jpg\",\"articleSection\":[\"General\"],\"inLanguage\":\"en-US\",\"potentialAction\":[{\"@type\":\"CommentAction\",\"name\":\"Comment\",\"target\":[\"https:\\\/\\\/www.inprosec.com\\\/en\\\/inprosecs-15th-anniversary\\\/#respond\"]}]},{\"@type\":\"WebPage\",\"@id\":\"https:\\\/\\\/www.inprosec.com\\\/en\\\/inprosecs-15th-anniversary\\\/\",\"url\":\"https:\\\/\\\/www.inprosec.com\\\/en\\\/inprosecs-15th-anniversary\\\/\",\"name\":\"Inprosec\u2019s 15th Anniversary - Inprosec\",\"isPartOf\":{\"@id\":\"https:\\\/\\\/www.inprosec.com\\\/en\\\/#website\"},\"primaryImageOfPage\":{\"@id\":\"https:\\\/\\\/www.inprosec.com\\\/en\\\/inprosecs-15th-anniversary\\\/#primaryimage\"},\"image\":{\"@id\":\"https:\\\/\\\/www.inprosec.com\\\/en\\\/inprosecs-15th-anniversary\\\/#primaryimage\"},\"thumbnailUrl\":\"https:\\\/\\\/www.inprosec.com\\\/wp-content\\\/uploads\\\/2025\\\/06\\\/XV-aniversario-inprosec.jpg\",\"datePublished\":\"2025-06-26T08:08:16+00:00\",\"author\":{\"@id\":\"https:\\\/\\\/www.inprosec.com\\\/en\\\/#\\\/schema\\\/person\\\/b05a40c0c3e81b819075dd95a10532e2\"},\"description\":\"Inprosec celebrates its 15th anniversary in Vigo with a day of talks, reflection and networking focused on the present and future of cybersecurity.\",\"breadcrumb\":{\"@id\":\"https:\\\/\\\/www.inprosec.com\\\/en\\\/inprosecs-15th-anniversary\\\/#breadcrumb\"},\"inLanguage\":\"en-US\",\"potentialAction\":[{\"@type\":\"ReadAction\",\"target\":[\"https:\\\/\\\/www.inprosec.com\\\/en\\\/inprosecs-15th-anniversary\\\/\"]}]},{\"@type\":\"ImageObject\",\"inLanguage\":\"en-US\",\"@id\":\"https:\\\/\\\/www.inprosec.com\\\/en\\\/inprosecs-15th-anniversary\\\/#primaryimage\",\"url\":\"https:\\\/\\\/www.inprosec.com\\\/wp-content\\\/uploads\\\/2025\\\/06\\\/XV-aniversario-inprosec.jpg\",\"contentUrl\":\"https:\\\/\\\/www.inprosec.com\\\/wp-content\\\/uploads\\\/2025\\\/06\\\/XV-aniversario-inprosec.jpg\",\"width\":1200,\"height\":630},{\"@type\":\"BreadcrumbList\",\"@id\":\"https:\\\/\\\/www.inprosec.com\\\/en\\\/inprosecs-15th-anniversary\\\/#breadcrumb\",\"itemListElement\":[{\"@type\":\"ListItem\",\"position\":1,\"name\":\"Home\",\"item\":\"https:\\\/\\\/www.inprosec.com\\\/en\\\/\"},{\"@type\":\"ListItem\",\"position\":2,\"name\":\"Inprosec\u2019s 15th Anniversary\"}]},{\"@type\":\"WebSite\",\"@id\":\"https:\\\/\\\/www.inprosec.com\\\/en\\\/#website\",\"url\":\"https:\\\/\\\/www.inprosec.com\\\/en\\\/\",\"name\":\"Inprosec\",\"description\":\"Information security is our priority.\",\"potentialAction\":[{\"@type\":\"SearchAction\",\"target\":{\"@type\":\"EntryPoint\",\"urlTemplate\":\"https:\\\/\\\/www.inprosec.com\\\/en\\\/?s={search_term_string}\"},\"query-input\":{\"@type\":\"PropertyValueSpecification\",\"valueRequired\":true,\"valueName\":\"search_term_string\"}}],\"inLanguage\":\"en-US\"},{\"@type\":\"Person\",\"@id\":\"https:\\\/\\\/www.inprosec.com\\\/en\\\/#\\\/schema\\\/person\\\/b05a40c0c3e81b819075dd95a10532e2\",\"name\":\"Fernando Mosquera\",\"image\":{\"@type\":\"ImageObject\",\"inLanguage\":\"en-US\",\"@id\":\"https:\\\/\\\/secure.gravatar.com\\\/avatar\\\/199e6c54b14f5b5ddf7e11a9bb0b455c3bed7a9a1a738b7be5c2572878e69d1a?s=96&d=mm&r=g\",\"url\":\"https:\\\/\\\/secure.gravatar.com\\\/avatar\\\/199e6c54b14f5b5ddf7e11a9bb0b455c3bed7a9a1a738b7be5c2572878e69d1a?s=96&d=mm&r=g\",\"contentUrl\":\"https:\\\/\\\/secure.gravatar.com\\\/avatar\\\/199e6c54b14f5b5ddf7e11a9bb0b455c3bed7a9a1a738b7be5c2572878e69d1a?s=96&d=mm&r=g\",\"caption\":\"Fernando Mosquera\"}}]}<\/script>\n<!-- \/ Yoast SEO Premium plugin. -->","yoast_head_json":{"title":"Inprosec\u2019s 15th Anniversary - Inprosec","description":"Inprosec celebrates its 15th anniversary in Vigo with a day of talks, reflection and networking focused on the present and future of cybersecurity.","robots":{"index":"index","follow":"follow","max-snippet":"max-snippet:-1","max-image-preview":"max-image-preview:large","max-video-preview":"max-video-preview:-1"},"canonical":"https:\/\/www.inprosec.com\/en\/inprosecs-15th-anniversary\/","og_locale":"en_US","og_type":"article","og_title":"Inprosec\u2019s 15th Anniversary","og_description":"Inprosec celebrates its 15th anniversary in Vigo with a day of talks, reflection and networking focused on the present and future of cybersecurity.","og_url":"https:\/\/www.inprosec.com\/en\/inprosecs-15th-anniversary\/","og_site_name":"Inprosec","article_published_time":"2025-06-26T08:08:16+00:00","og_image":[{"width":1200,"height":630,"url":"https:\/\/www.inprosec.com\/wp-content\/uploads\/2025\/06\/XV-aniversario-inprosec.jpg","type":"image\/jpeg"}],"author":"Fernando Mosquera","twitter_card":"summary_large_image","twitter_misc":{"Written by":"Fernando Mosquera","Est. reading time":"4 minutes"},"schema":{"@context":"https:\/\/schema.org","@graph":[{"@type":"Article","@id":"https:\/\/www.inprosec.com\/en\/inprosecs-15th-anniversary\/#article","isPartOf":{"@id":"https:\/\/www.inprosec.com\/en\/inprosecs-15th-anniversary\/"},"author":{"name":"Fernando Mosquera","@id":"https:\/\/www.inprosec.com\/en\/#\/schema\/person\/b05a40c0c3e81b819075dd95a10532e2"},"headline":"Inprosec\u2019s 15th Anniversary","datePublished":"2025-06-26T08:08:16+00:00","mainEntityOfPage":{"@id":"https:\/\/www.inprosec.com\/en\/inprosecs-15th-anniversary\/"},"wordCount":614,"commentCount":0,"image":{"@id":"https:\/\/www.inprosec.com\/en\/inprosecs-15th-anniversary\/#primaryimage"},"thumbnailUrl":"https:\/\/www.inprosec.com\/wp-content\/uploads\/2025\/06\/XV-aniversario-inprosec.jpg","articleSection":["General"],"inLanguage":"en-US","potentialAction":[{"@type":"CommentAction","name":"Comment","target":["https:\/\/www.inprosec.com\/en\/inprosecs-15th-anniversary\/#respond"]}]},{"@type":"WebPage","@id":"https:\/\/www.inprosec.com\/en\/inprosecs-15th-anniversary\/","url":"https:\/\/www.inprosec.com\/en\/inprosecs-15th-anniversary\/","name":"Inprosec\u2019s 15th Anniversary - Inprosec","isPartOf":{"@id":"https:\/\/www.inprosec.com\/en\/#website"},"primaryImageOfPage":{"@id":"https:\/\/www.inprosec.com\/en\/inprosecs-15th-anniversary\/#primaryimage"},"image":{"@id":"https:\/\/www.inprosec.com\/en\/inprosecs-15th-anniversary\/#primaryimage"},"thumbnailUrl":"https:\/\/www.inprosec.com\/wp-content\/uploads\/2025\/06\/XV-aniversario-inprosec.jpg","datePublished":"2025-06-26T08:08:16+00:00","author":{"@id":"https:\/\/www.inprosec.com\/en\/#\/schema\/person\/b05a40c0c3e81b819075dd95a10532e2"},"description":"Inprosec celebrates its 15th anniversary in Vigo with a day of talks, reflection and networking focused on the present and future of cybersecurity.","breadcrumb":{"@id":"https:\/\/www.inprosec.com\/en\/inprosecs-15th-anniversary\/#breadcrumb"},"inLanguage":"en-US","potentialAction":[{"@type":"ReadAction","target":["https:\/\/www.inprosec.com\/en\/inprosecs-15th-anniversary\/"]}]},{"@type":"ImageObject","inLanguage":"en-US","@id":"https:\/\/www.inprosec.com\/en\/inprosecs-15th-anniversary\/#primaryimage","url":"https:\/\/www.inprosec.com\/wp-content\/uploads\/2025\/06\/XV-aniversario-inprosec.jpg","contentUrl":"https:\/\/www.inprosec.com\/wp-content\/uploads\/2025\/06\/XV-aniversario-inprosec.jpg","width":1200,"height":630},{"@type":"BreadcrumbList","@id":"https:\/\/www.inprosec.com\/en\/inprosecs-15th-anniversary\/#breadcrumb","itemListElement":[{"@type":"ListItem","position":1,"name":"Home","item":"https:\/\/www.inprosec.com\/en\/"},{"@type":"ListItem","position":2,"name":"Inprosec\u2019s 15th Anniversary"}]},{"@type":"WebSite","@id":"https:\/\/www.inprosec.com\/en\/#website","url":"https:\/\/www.inprosec.com\/en\/","name":"Inprosec","description":"Information security is our priority.","potentialAction":[{"@type":"SearchAction","target":{"@type":"EntryPoint","urlTemplate":"https:\/\/www.inprosec.com\/en\/?s={search_term_string}"},"query-input":{"@type":"PropertyValueSpecification","valueRequired":true,"valueName":"search_term_string"}}],"inLanguage":"en-US"},{"@type":"Person","@id":"https:\/\/www.inprosec.com\/en\/#\/schema\/person\/b05a40c0c3e81b819075dd95a10532e2","name":"Fernando Mosquera","image":{"@type":"ImageObject","inLanguage":"en-US","@id":"https:\/\/secure.gravatar.com\/avatar\/199e6c54b14f5b5ddf7e11a9bb0b455c3bed7a9a1a738b7be5c2572878e69d1a?s=96&d=mm&r=g","url":"https:\/\/secure.gravatar.com\/avatar\/199e6c54b14f5b5ddf7e11a9bb0b455c3bed7a9a1a738b7be5c2572878e69d1a?s=96&d=mm&r=g","contentUrl":"https:\/\/secure.gravatar.com\/avatar\/199e6c54b14f5b5ddf7e11a9bb0b455c3bed7a9a1a738b7be5c2572878e69d1a?s=96&d=mm&r=g","caption":"Fernando Mosquera"}}]}},"_links":{"self":[{"href":"https:\/\/www.inprosec.com\/en\/wp-json\/wp\/v2\/posts\/13179","targetHints":{"allow":["GET"]}}],"collection":[{"href":"https:\/\/www.inprosec.com\/en\/wp-json\/wp\/v2\/posts"}],"about":[{"href":"https:\/\/www.inprosec.com\/en\/wp-json\/wp\/v2\/types\/post"}],"author":[{"embeddable":true,"href":"https:\/\/www.inprosec.com\/en\/wp-json\/wp\/v2\/users\/6"}],"replies":[{"embeddable":true,"href":"https:\/\/www.inprosec.com\/en\/wp-json\/wp\/v2\/comments?post=13179"}],"version-history":[{"count":1,"href":"https:\/\/www.inprosec.com\/en\/wp-json\/wp\/v2\/posts\/13179\/revisions"}],"predecessor-version":[{"id":13181,"href":"https:\/\/www.inprosec.com\/en\/wp-json\/wp\/v2\/posts\/13179\/revisions\/13181"}],"wp:featuredmedia":[{"embeddable":true,"href":"https:\/\/www.inprosec.com\/en\/wp-json\/wp\/v2\/media\/13175"}],"wp:attachment":[{"href":"https:\/\/www.inprosec.com\/en\/wp-json\/wp\/v2\/media?parent=13179"}],"wp:term":[{"taxonomy":"category","embeddable":true,"href":"https:\/\/www.inprosec.com\/en\/wp-json\/wp\/v2\/categories?post=13179"},{"taxonomy":"post_tag","embeddable":true,"href":"https:\/\/www.inprosec.com\/en\/wp-json\/wp\/v2\/tags?post=13179"}],"curies":[{"name":"wp","href":"https:\/\/api.w.org\/{rel}","templated":true}]}}